{"id":3192,"date":"2020-11-12T22:41:52","date_gmt":"2020-11-13T01:41:52","guid":{"rendered":"http:\/\/www4.sbc.org.br\/csbc2020\/?p=3192"},"modified":"2020-11-13T18:39:52","modified_gmt":"2020-11-13T21:39:52","slug":"espacos","status":"publish","type":"post","link":"https:\/\/www4.sbc.org.br\/csbc2020\/?p=3192","title":{"rendered":"Saiba mais sobre os espa\u00e7os do CSBC 2020"},"content":{"rendered":"\r\n<p class=\"wp-block-paragraph\">Os espa\u00e7os do CSBC 2020, representados no Ambiente 3D e no Discord, est\u00e3o repletos de significados e hist\u00f3rias.<\/p>\r\n\r\n\r\n\r\n<h2 class=\"wp-block-heading\">Audit\u00f3rio Teatro Universit\u00e1rio<\/h2>\r\n\r\n\r\n\r\n<div class=\"wp-block-image\">\r\n<figure class=\"alignleft is-resized\"><img loading=\"lazy\" decoding=\"async\" class=\"wp-image-3198\" src=\"http:\/\/www4.sbc.org.br\/csbc2020\/wp-content\/uploads\/2020\/11\/reproducao.jpg\" alt=\"\" width=\"295\" height=\"196\" srcset=\"https:\/\/www4.sbc.org.br\/csbc2020\/wp-content\/uploads\/2020\/11\/reproducao.jpg 600w, https:\/\/www4.sbc.org.br\/csbc2020\/wp-content\/uploads\/2020\/11\/reproducao-300x200.jpg 300w, https:\/\/www4.sbc.org.br\/csbc2020\/wp-content\/uploads\/2020\/11\/reproducao-272x182.jpg 272w\" sizes=\"auto, (max-width: 295px) 100vw, 295px\" \/><\/figure>\r\n<\/div>\r\n\r\n\r\n\r\n<p class=\"wp-block-paragraph\">O Teatro Universit\u00e1rio da Universidade Federal de Mato Grosso (UFMT) tem como objetivo estimular a produ\u00e7\u00e3o art\u00edstico-cultural mato-grossense, recebendo grupos art\u00edsticos que realizam produ\u00e7\u00f5es e que necessitam de espa\u00e7o f\u00edsico adequado. Ele sedia tamb\u00e9m os grandes eventos internos da UFMT, como congressos, semin\u00e1rios, encontros, confer\u00eancias e cola\u00e7\u00f5es de grau.<\/p>\r\n\r\n\r\n\r\n<p class=\"wp-block-paragraph\">Site do Teatro: <a href=\"https:\/\/www.ufmt.br\/pagina\/teatro-universitario\/419\">https:\/\/www.ufmt.br\/pagina\/teatro-universitario\/419<\/a><\/p>\r\n\r\n\r\n<hr class=\"wp-block-separator\" style=\"display: block; clear: both;\" \/>\r\n\r\n\r\n<h2 class=\"wp-block-heading\">Audit\u00f3rio Andr\u00e9ia Gentil Bonfante<\/h2>\r\n\r\n\r\n\r\n<div class=\"wp-block-image\">\r\n<figure class=\"alignleft is-resized\"><img loading=\"lazy\" decoding=\"async\" class=\"wp-image-3195\" src=\"http:\/\/www4.sbc.org.br\/csbc2020\/wp-content\/uploads\/2020\/11\/109564729_2644159275855585_2346133803361019666_n.jpg\" alt=\"\" width=\"192\" height=\"192\" srcset=\"https:\/\/www4.sbc.org.br\/csbc2020\/wp-content\/uploads\/2020\/11\/109564729_2644159275855585_2346133803361019666_n.jpg 340w, https:\/\/www4.sbc.org.br\/csbc2020\/wp-content\/uploads\/2020\/11\/109564729_2644159275855585_2346133803361019666_n-150x150.jpg 150w, https:\/\/www4.sbc.org.br\/csbc2020\/wp-content\/uploads\/2020\/11\/109564729_2644159275855585_2346133803361019666_n-300x300.jpg 300w\" sizes=\"auto, (max-width: 192px) 100vw, 192px\" \/><\/figure>\r\n<\/div>\r\n\r\n\r\n\r\n<p class=\"wp-block-paragraph\">Nomeado em homenagem \u00e0 querida professora Dr\u00aa Andr\u00e9ia Gentil Bonfante, do Instituto de Computa\u00e7\u00e3o da Universidade Federal de Mato Grosso, que faleceu no dia 15 de julho de 2020.<\/p>\r\n\r\n\r\n\r\n<p class=\"wp-block-paragraph\">Andr\u00e9ia atuava na \u00e1rea de Intelig\u00eancia Artificial, mais especificamente Processamento de Linguagem Natural, e, com dedica\u00e7\u00e3o e muito carinho, transmitia seus conhecimentos aos nossos estudantes. Tamb\u00e9m atuava em pesquisa e extens\u00e3o nessa \u00e1rea e em campos afins, sempre preocupada com aspectos relacionados \u00e0 sociedade, desde seu ingresso na UFMT, em 2007. Em diversos momentos, atuou junto \u00e0 Sociedade Brasileira de Computa\u00e7\u00e3o em nosso estado. Em especial, no CSBC 2020, a professora Andr\u00e9ia integrava a Coordena\u00e7\u00e3o Local do CTD \u2013 Concurso de Teses e Disserta\u00e7\u00f5es.<\/p>\r\n\r\n\r\n\r\n<p class=\"wp-block-paragraph\">Nos \u00faltimos anos, al\u00e9m de diretora adjunta do IC, a doutora Andr\u00e9ia coordenou a P\u00f3s-Gradua\u00e7\u00e3o Lato Sensu em Inform\u00e1tica na Educa\u00e7\u00e3o, oferecida via Universidade Aberta do Brasil para muitos munic\u00edpios de Mato Grosso. Ela tamb\u00e9m integrava comit\u00eas na universidade, sempre atuando com seu bom humor, sorriso contagiante, de maneira doce, tranquila e dedicada, marcas de sua personalidade, que aplicava a tudo o que fazia.<\/p>\r\n\r\n\r\n\r\n<p class=\"wp-block-paragraph\">Andr\u00e9ia era mais que uma professora, era uma colaboradora que ajudava a todos e vivia o nosso Instituto. Mais que uma colega de profiss\u00e3o ou chefe, ela \u00e9 parte da \u201cfam\u00edlia IC\u201d. Uma servidora que, com seu olhar humano, tratava a todos com igualdade. Andr\u00e9ia deixou um lindo legado em nossas vidas, de dedica\u00e7\u00e3o, sapi\u00eancia, alegria e amizade. Assim ela ser\u00e1 por todos lembrada. Que ela descanse em paz.<\/p>\r\n\r\n\r\n\r\n<p class=\"wp-block-paragraph\">Link da nota original:<br \/><a href=\"https:\/\/site.ic.ufmt.br\/news\/nota-de-falecimento\/\">https:\/\/site.ic.ufmt.br\/news\/nota-de-falecimento\/<\/a><\/p>\r\n\r\n\r\n<hr class=\"wp-block-separator\" \/>\r\n\r\n\r\n<h2 class=\"wp-block-heading\">Sala dos Tachos<\/h2>\r\n\r\n\r\n\r\n<div class=\"wp-block-image\">\r\n<figure class=\"alignleft is-resized\"><img loading=\"lazy\" decoding=\"async\" class=\"wp-image-3271\" src=\"http:\/\/www4.sbc.org.br\/csbc2020\/wp-content\/uploads\/2020\/11\/WhatsApp-Image-2020-11-13-at-13.01.29.jpeg\" alt=\"\" width=\"281\" height=\"150\" srcset=\"https:\/\/www4.sbc.org.br\/csbc2020\/wp-content\/uploads\/2020\/11\/WhatsApp-Image-2020-11-13-at-13.01.29.jpeg 888w, https:\/\/www4.sbc.org.br\/csbc2020\/wp-content\/uploads\/2020\/11\/WhatsApp-Image-2020-11-13-at-13.01.29-300x161.jpeg 300w, https:\/\/www4.sbc.org.br\/csbc2020\/wp-content\/uploads\/2020\/11\/WhatsApp-Image-2020-11-13-at-13.01.29-768x412.jpeg 768w\" sizes=\"auto, (max-width: 281px) 100vw, 281px\" \/><\/figure>\r\n<\/div>\r\n\r\n\r\n\r\n<p class=\"wp-block-paragraph\">Sala pertencente ao Teatro Universit\u00e1rio da Universidade Federal de Mato Grosso (UFMT), homenageia a cultura afro mato-grossense pela representa\u00e7\u00e3o deste artefato hist\u00f3rico: o tacho.<\/p>\r\n\r\n\r\n\r\n<p class=\"wp-block-paragraph\">Tacho, utens\u00edlio confeccionado em cobre, muito presente em Mato Grosso, era utilizado no preparo da alimenta\u00e7\u00e3o de numerosas fam\u00edlias, at\u00e9 meados do s\u00e9culo XIX. O utens\u00edlio tinha lugar de destaque sobre as grandes fornalhas e fog\u00f5es a lenha, que eram improvisados nas varandas das grandes fazendas.<\/p>\r\n\r\n\r\n\r\n<p class=\"wp-block-paragraph\">O tacho era uma pe\u00e7a importante para a produ\u00e7\u00e3o de rapadura, pois as tachas, que tinham o mesmo formato do tacho, mas menos profundas, eram respons\u00e1veis pelo ponto da popular rapadura, alimento muito presente em v\u00e1rias regi\u00f5es brasileiras. Esse artefato era respons\u00e1vel tamb\u00e9m pela prepara\u00e7\u00e3o de angu, canjiquinha e polenta para alimenta\u00e7\u00e3o dos escravos e, posteriormente, dos imigrantes, que faziam o trabalho pesado das lavouras de cana-de-a\u00e7\u00facar e caf\u00e9, que contribu\u00edram para o desenvolvimento do Brasil.<\/p>\r\n\r\n\r\n\r\n<p class=\"wp-block-paragraph\">As nonas preparavam, em grandes tachos, os deliciosos doces de frutas, tais como mangada, goiabada e marmelada; al\u00e9m de fazerem massa de tomate e fritarem as carnes dos porcos caipiras, abatidos para fornecimento de carne para toda a fam\u00edlia.<\/p>\r\n\r\n\r\n\r\n<p class=\"wp-block-paragraph\">A limpeza do tacho geralmente era realizada com cinza das fornalhas ou fog\u00f5es a lenha, que era misturada ao lim\u00e3o-cravo e, \u00e0s vezes, ao sal grosso, que fazia o cobre ficar reluzente ap\u00f3s ser esfregado.<\/p>\r\n\r\n\r\n<hr class=\"wp-block-separator\" \/>\r\n\r\n\r\n<h2 class=\"wp-block-heading\">Sala de Reuni\u00f5es Ada Lovelace<\/h2>\r\n\r\n\r\n\r\n<div class=\"wp-block-image\">\r\n<figure class=\"alignleft is-resized\"><img loading=\"lazy\" decoding=\"async\" class=\"wp-image-3207\" src=\"http:\/\/www4.sbc.org.br\/csbc2020\/wp-content\/uploads\/2020\/11\/standard_compressed_Ada_Lovelace-713x1024.jpg\" alt=\"\" width=\"206\" height=\"295\" srcset=\"https:\/\/www4.sbc.org.br\/csbc2020\/wp-content\/uploads\/2020\/11\/standard_compressed_Ada_Lovelace-713x1024.jpg 713w, https:\/\/www4.sbc.org.br\/csbc2020\/wp-content\/uploads\/2020\/11\/standard_compressed_Ada_Lovelace-209x300.jpg 209w, https:\/\/www4.sbc.org.br\/csbc2020\/wp-content\/uploads\/2020\/11\/standard_compressed_Ada_Lovelace-768x1104.jpg 768w, https:\/\/www4.sbc.org.br\/csbc2020\/wp-content\/uploads\/2020\/11\/standard_compressed_Ada_Lovelace.jpg 835w\" sizes=\"auto, (max-width: 206px) 100vw, 206px\" \/><\/figure>\r\n<\/div>\r\n\r\n\r\n\r\n<p class=\"wp-block-paragraph\">Ada Lovelace (1815-1852), matem\u00e1tica e escritora brit\u00e2nica, foi a primeira pessoa a escrever um programa de computador no mundo. Convidada por seu amigo, Charles Babbage, a traduzir um artigo do italiano Luigi Federico Menabrea sobre a M\u00e1quina Anal\u00edtica, ela produziu um texto mais longo do que o original. Ao fazer a tradu\u00e7\u00e3o, Ada Lovelace descreveu com exemplos como a M\u00e1quina Anal\u00edtica poderia funcionar. Na nota G do texto traduzido, Ada indicou como a inven\u00e7\u00e3o de Charles Babbage poderia processar a sequ\u00eancia dos n\u00fameros Bernoulli. O algoritmo apresentado nesta nota \u00e9 considerado o primeiro programa de computador do mundo.<\/p>\r\n\r\n\r\n\r\n<p class=\"wp-block-paragraph\">No in\u00edcio dos anos 1980, o Departamento de Defesa dos Estados Unidos criou uma linguagem de programa\u00e7\u00e3o nomeada Ada, em homenagem \u00e0 Ada Lovelace. Atualmente essa linguagem \u00e9 usada, principalmente, em sistemas para a avia\u00e7\u00e3o. Nos \u00faltimos anos, a vida de Ada Lovelace tem sido explorada e divulgada de diversas maneiras. O primeiro post da rainha Elizabeth II no Instagram em 2019 compartilhou uma carta de Charles Babbage para o pr\u00edncipe Albert, em 1843, falando sobre a M\u00e1quina Anal\u00edtica e a contribui\u00e7\u00e3o de Lovelace.<\/p>\r\n\r\n\r\n\r\n<p class=\"wp-block-paragraph\">Saiba mais: <a href=\"https:\/\/findingada.com\/\">https:\/\/findingada.com\/<\/a><\/p>\r\n","protected":false},"excerpt":{"rendered":"<p>Os espa\u00e7os do CSBC 2020, representados no Ambiente 3D e no Discord, est\u00e3o repletos de significados e hist\u00f3rias. Audit\u00f3rio Teatro Universit\u00e1rio O Teatro Universit\u00e1rio da Universidade Federal de Mato Grosso (UFMT) tem como objetivo estimular a produ\u00e7\u00e3o art\u00edstico-cultural mato-grossense, recebendo grupos art\u00edsticos que realizam produ\u00e7\u00f5es e que necessitam de espa\u00e7o f\u00edsico adequado. Ele sedia tamb\u00e9m&#8230;<\/p>\n","protected":false},"author":7,"featured_media":0,"comment_status":"closed","ping_status":"closed","sticky":false,"template":"","format":"standard","meta":{"footnotes":""},"categories":[17],"tags":[47,45,46,10],"class_list":["post-3192","post","type-post","status-publish","format-standard","hentry","category-programacao","tag-csbc2020","tag-discord","tag-espacos","tag-programacao"],"_links":{"self":[{"href":"https:\/\/www4.sbc.org.br\/csbc2020\/index.php?rest_route=\/wp\/v2\/posts\/3192","targetHints":{"allow":["GET"]}}],"collection":[{"href":"https:\/\/www4.sbc.org.br\/csbc2020\/index.php?rest_route=\/wp\/v2\/posts"}],"about":[{"href":"https:\/\/www4.sbc.org.br\/csbc2020\/index.php?rest_route=\/wp\/v2\/types\/post"}],"author":[{"embeddable":true,"href":"https:\/\/www4.sbc.org.br\/csbc2020\/index.php?rest_route=\/wp\/v2\/users\/7"}],"replies":[{"embeddable":true,"href":"https:\/\/www4.sbc.org.br\/csbc2020\/index.php?rest_route=%2Fwp%2Fv2%2Fcomments&post=3192"}],"version-history":[{"count":19,"href":"https:\/\/www4.sbc.org.br\/csbc2020\/index.php?rest_route=\/wp\/v2\/posts\/3192\/revisions"}],"predecessor-version":[{"id":3286,"href":"https:\/\/www4.sbc.org.br\/csbc2020\/index.php?rest_route=\/wp\/v2\/posts\/3192\/revisions\/3286"}],"wp:attachment":[{"href":"https:\/\/www4.sbc.org.br\/csbc2020\/index.php?rest_route=%2Fwp%2Fv2%2Fmedia&parent=3192"}],"wp:term":[{"taxonomy":"category","embeddable":true,"href":"https:\/\/www4.sbc.org.br\/csbc2020\/index.php?rest_route=%2Fwp%2Fv2%2Fcategories&post=3192"},{"taxonomy":"post_tag","embeddable":true,"href":"https:\/\/www4.sbc.org.br\/csbc2020\/index.php?rest_route=%2Fwp%2Fv2%2Ftags&post=3192"}],"curies":[{"name":"wp","href":"https:\/\/api.w.org\/{rel}","templated":true}]}}